{"id":8198,"date":"2020-10-13T08:28:20","date_gmt":"2020-10-13T07:28:20","guid":{"rendered":"https:\/\/futurefood.network\/?p=8198"},"modified":"2022-04-18T09:36:41","modified_gmt":"2022-04-18T07:36:41","slug":"what-are-you-doing-during-your-lunch-hour-on-world-food-day","status":"publish","type":"post","link":"https:\/\/futurefoodinstitute.org\/it\/2020\/10\/13\/what-are-you-doing-during-your-lunch-hour-on-world-food-day\/","title":{"rendered":"Cosa fate durante la pausa pranzo nella Giornata mondiale dell'alimentazione?"},"content":{"rendered":"<div data-elementor-type=\"wp-post\" data-elementor-id=\"8198\" class=\"elementor elementor-8198\" data-elementor-post-type=\"post\">\n\t\t\t\t\t\t<section class=\"elementor-section elementor-top-section elementor-element elementor-element-77d0a700 elementor-section-boxed elementor-section-height-default elementor-section-height-default\" data-id=\"77d0a700\" data-element_type=\"section\" data-e-type=\"section\">\n\t\t\t\t\t\t<div class=\"elementor-container elementor-column-gap-default\">\n\t\t\t\t\t<div class=\"elementor-column elementor-col-100 elementor-top-column elementor-element elementor-element-6a82b8ad\" data-id=\"6a82b8ad\" data-element_type=\"column\" data-e-type=\"column\">\n\t\t\t<div class=\"elementor-widget-wrap elementor-element-populated\">\n\t\t\t\t\t\t<div class=\"elementor-element elementor-element-0b76f0a elementor-widget elementor-widget-heading\" data-id=\"0b76f0a\" data-element_type=\"widget\" data-e-type=\"widget\" data-widget_type=\"heading.default\">\n\t\t\t\t<div class=\"elementor-widget-container\">\n\t\t\t\t\t<h3 class=\"elementor-heading-title elementor-size-default\">Cosa fate durante la pausa pranzo nella Giornata mondiale dell'alimentazione?<\/h3>\t\t\t\t<\/div>\n\t\t\t\t<\/div>\n\t\t\t\t<div class=\"elementor-element elementor-element-5e85ce32 elementor-widget elementor-widget-text-editor\" data-id=\"5e85ce32\" data-element_type=\"widget\" data-e-type=\"widget\" data-widget_type=\"text-editor.default\">\n\t\t\t\t<div class=\"elementor-widget-container\">\n\t\t\t\t\t\t\t\t\t\n<div class=\"g-group l-lg-mar-bot-6 l-md-mar-bot-4\">\n<div class=\"g-cell g-cell-10-12 g-cell-md-1-1\">\n<div class=\"has-user-generated-content js-d-read-more read-more js-read-more read-more--medium-down read-more--expanded\" data-xd-wired=\"read-more\">\n<div data-automation=\"listing-event-description\">\u00a0<\/div>\n<div class=\"js-xd-read-more-toggle-view read-more__toggle-view\">\n<div class=\"js-xd-read-more-contents text-body-medium\" data-automation=\"listing-event-description\"><strong>Partecipate a una discussione globale con chef famosi, popolazioni indigene, giovani attivisti per il clima, piccole imprenditrici agricole, capi di Stato e chiunque altro, su come nei prossimi 10 anni dobbiamo trasformare i nostri sistemi alimentari.<\/strong><\/div>\n<div data-automation=\"listing-event-description\">\u00a0<\/div>\n<\/div>\n<\/div>\n<\/div>\n<\/div>\n<div class=\"g-group l-mar-bot-6 l-sm-mar-bot-4\">\n<div class=\"structured-content g-cell g-cell-10-12 g-cell-md-1-1\">\n<div class=\"has-user-generated-content\" data-automation=\"about-this-event-sc\">\n<div class=\"structured-content-rich-text structured-content__module l-align-left l-mar-vert-6 l-sm-mar-vert-4 text-body-medium\">Cibi nutrienti e sicuri permettono di vivere in modo sano e produttivo, e la miriade di modi in cui produciamo, trasformiamo e consumiamo il cibo - i nostri sistemi alimentari - tocca ogni aspetto dell'esistenza umana. Quando funzionano bene, i sistemi alimentari hanno il potere di unirci come famiglie, comunit\u00e0 e nazioni. E lo dobbiamo a noi stessi per far progredire gli Obiettivi di Sviluppo Sostenibile (SDGs) che ci siamo impegnati a raggiungere in 10 anni. Questo<strong>\u00a0<\/strong>Conversazione globale a staffetta di 24 ore, organizzata dal\u00a0<a href=\"https:\/\/www.un.org\/sustainabledevelopment\/food-systems-summit-2021\/\" target=\"_blank\" rel=\"nofollow noopener noreferrer\">Vertice sui sistemi alimentari delle Nazioni Unite<\/a>\u00a0e in collaborazione con\u00a0<a href=\"https:\/\/futurefood.network\/institute\/\" target=\"_blank\" rel=\"nofollow noopener noreferrer\">Future Food Institute<\/a>, sar\u00e0 una discussione altamente interattiva e rilevante per la Giornata Mondiale dell'Alimentazione, oltre a fungere da lancio ufficiale dell'iniziativa\u00a0<em>Dialoghi del vertice sui sistemi alimentari<\/em>. Questa maratona di conversazione online offrir\u00e0 ai governi, alle comunit\u00e0 e ai cittadini l'opportunit\u00e0 di discutere su ci\u00f2 che conta di pi\u00f9 per loro mentre costruiamo meglio per trasformare i sistemi alimentari in tutto il mondo. Quindi, prendete il pranzo e spezzate insieme il pane, le tortillas, l'ugali o il chapatti mentre parliamo di ci\u00f2 che conta di pi\u00f9 per noi, le nostre famiglie e le nostre comunit\u00e0.<\/div>\n<div class=\"structured-content-rich-text structured-content__module l-align-left l-mar-vert-6 l-sm-mar-vert-4 text-body-medium\"><strong>__________<\/strong><\/div>\n<div class=\"structured-content-rich-text structured-content__module l-align-left l-mar-vert-6 l-sm-mar-vert-4 text-body-medium\"><strong>Jioji Konrote<\/strong>,\u00a0<em>Presidente delle Fiji<\/em>, aprir\u00e0 la Staffetta Globale con lo chef, l'autore e il conduttore televisivo\u00a0<strong>Robert Oliver<\/strong>. Tra i relatori che interverranno durante le 24 ore ci sono: <strong>Thomas Remengesau Jr.<\/strong><em>\u00a0President della Repubblica di Palau<\/em> <strong>Amina Mohammed<\/strong>,\u00a0<em>Vice Segretario generale delle Nazioni Unite<\/em> <strong>Mariam Almheiri<\/strong>,\u00a0<em>Ministro di Stato per la sicurezza alimentare e idrica, Emirati Arabi Uniti<\/em> <strong>Teresa Bellanova<\/strong><em>, Ministro delle politiche agricole alimentari e forestali, Italia<\/em> <strong>Marie-Claude Bibeau<\/strong><em>, Ministro dell'Agricoltura e dell'Agroalimentare, Canada<\/em> <strong>Amelia Afuhaamango Tu\u2019ipulotu<\/strong>,\u00a0<em>Ministro della Salute di Tonga<\/em> <strong>Alexandra Valkenburg<\/strong>,\u00a0<em>Ambasciatore della Delegazione dell'Unione Europea presso la Santa Sede, Ordine di Malta, Organizzazioni ONU a Roma, Repubblica di San Marino<\/em> <strong>Thanawat Tiensin<\/strong>,<strong>\u00a0<\/strong><em>Presidente della Commissione per la sicurezza alimentare mondiale<\/em> <strong>Theo de Jager<\/strong><em>, Presidente dell'Organizzazione Mondiale degli Agricoltori<\/em> <strong>Massimo Bottura<\/strong>, c<em>hef e attivista per i sistemi alimentari, ambasciatore di buona volont\u00e0 del Programma delle Nazioni Unite per l'ambiente<\/em> <strong>Sabrina Dhowre Elba<\/strong>,\u00a0<em>modella, attivista e ambasciatrice di buona volont\u00e0 dell'UN IFAD<\/em> <strong>Jos\u00e9 Andr\u00e9s<\/strong>,\u00a0<em>chef, ristoratore e fondatore di World Central Kitchen<\/em> <strong>Kimberly Williams-Paisley<\/strong>,\u00a0<em>Attrice e autrice di bestseller<\/em><\/div>\n<div class=\"structured-content-rich-text structured-content__module l-align-left l-mar-vert-6 l-sm-mar-vert-4 text-body-medium\"><strong>__________<\/strong>\n<h3>Dettagli<\/h3>\n<strong>Registrazione<\/strong>\u00a0qui su Eventbrite per ricevere gli aggiornamenti. <strong>Guarda e unisciti a noi<\/strong><em><strong>\u00a0<\/strong><\/em>nel livestream di 24 ore sulla piattaforma di vostra scelta: <strong><em>1. Facebook<\/em><\/strong><em>\u00a0<\/em>:\u00a0<a href=\"https:\/\/www.facebook.com\/futurefoodinstitute\/\" target=\"_blank\" rel=\"nofollow noopener noreferrer\">https:\/\/www.facebook.com\/futurefoodinstitute<\/a> <strong><em>2. YouTube<\/em><\/strong><em>\u00a0<\/em>:\u00a0<a href=\"https:\/\/www.youtube.com\/UNFoodSystemsSummit\" target=\"_blank\" rel=\"nofollow noopener noreferrer\">https:\/\/www.youtube.com\/UNFoodSystemsSummit<\/a> \ud83d\udde3 fate le vostre domande su Facebook o sulla funzione di chat di YouTube. <strong><em>3. Twitter<\/em><\/strong><em>\u00a0<\/em>:\u00a0<a href=\"https:\/\/twitter.com\/foodsystems\" target=\"_blank\" rel=\"nofollow noopener noreferrer\">https:\/\/twitter.com\/foodsystems<\/a> \ud83d\udde3 Partecipa alla conversazione su Twitter utilizzando\u00a0<strong>#VoicesOfFoodSystems<\/strong> <strong>__________<\/strong>\n<h3>Programma<\/h3>\nA partire da venerd\u00ec 16 ottobre alle 12:00 alle Fiji (00:00 UTC) e spostandosi nel mondo ogni ora per l'intera giornata. <strong>* Nota<\/strong>: Alcune sessioni del blocco 1 e 2 si svolgono la sera di gioved\u00ec 15 ottobre nei fusi orari EDT e PDT. <strong>Visualizza in una nuova finestra e scarica\u00a0<\/strong><a href=\"https:\/\/drive.google.com\/file\/d\/1UTX6ldFZmY_uhX0DZgaosBAgnX74EeBg\/view?usp=sharing\" target=\"_blank\" rel=\"nofollow noopener noreferrer\"><strong>qui<\/strong><\/a><\/div>\n<div class=\"structured-content__module l-mar-vert-6 l-sm-mar-vert-4 text-body-medium\"><img decoding=\"async\" class=\"structured-content__image g-img\" src=\"https:\/\/img.evbuc.com\/https%3A%2F%2Fcdn.evbuc.com%2Fimages%2F114724463%2F134223639235%2F1%2Foriginal.20201015-003752?h=2000&amp;w=720&amp;auto=format%2Ccompress&amp;q=75&amp;sharp=10&amp;rect=0%2C0%2C977%2C1801&amp;s=b211748ae31c5240b3683272ac241ae1\" alt=\"\" \/><\/div>\n<div class=\"structured-content__module l-mar-vert-6 l-sm-mar-vert-4 text-body-medium\"><img decoding=\"async\" class=\"structured-content__image g-img\" src=\"https:\/\/img.evbuc.com\/https%3A%2F%2Fcdn.evbuc.com%2Fimages%2F114724557%2F134223639235%2F1%2Foriginal.20201015-003844?h=2000&amp;w=720&amp;auto=format%2Ccompress&amp;q=75&amp;sharp=10&amp;rect=0%2C1798%2C977%2C2691&amp;s=e6f0cef2e243f9d7cf2e29126d2a21f8\" alt=\"\" \/><\/div>\n<div class=\"structured-content__module l-mar-vert-6 l-sm-mar-vert-4 text-body-medium\"><img decoding=\"async\" class=\"structured-content__image g-img\" src=\"https:\/\/img.evbuc.com\/https%3A%2F%2Fcdn.evbuc.com%2Fimages%2F114758157%2F134223639235%2F1%2Foriginal.20201015-003942?h=2000&amp;w=720&amp;auto=format%2Ccompress&amp;q=75&amp;sharp=10&amp;rect=0%2C4495%2C977%2C2417&amp;s=961fe9b63444bb0eabebd261978b404d\" alt=\"\" \/><\/div>\n<div class=\"structured-content-rich-text structured-content__module l-align-left l-mar-vert-6 l-sm-mar-vert-4 text-body-medium\"><strong>__________<\/strong><\/div>\n<div class=\"structured-content-rich-text structured-content__module l-align-left l-mar-vert-6 l-sm-mar-vert-4 text-body-medium\">L'<em><strong>\u00a0<\/strong><\/em><a href=\"https:\/\/www.un.org\/sustainabledevelopment\/food-systems-summit-2021\/\" target=\"_blank\" rel=\"nofollow noopener noreferrer\"><em><strong>Vertice sui sistemi alimentari delle Nazioni Unite<\/strong><\/em>\u00a0<\/a>lancer\u00e0 nuove azioni, soluzioni e strategie coraggiose per compiere progressi in tutti i 17 SDG, ognuno dei quali si basa su sistemi alimentari pi\u00f9 sani, sostenibili ed equi. Il Vertice risveglier\u00e0 il mondo sul fatto che dobbiamo lavorare tutti insieme per trasformare il modo in cui il mondo produce, consuma e pensa al cibo. La necessit\u00e0 \u00e8 urgente e la nostra ambizione \u00e8 alta. Nel corso del prossimo anno, le attivit\u00e0 del Vertice si rivolgeranno a una serie di partecipanti provenienti da tutto il mondo... e soprattutto a voi, per individuare i modi pi\u00f9 efficaci per rendere pi\u00f9 forti i nostri sistemi alimentari locali e globali. Vogliamo sentire la vostra voce. Abbiamo bisogno della vostra voce per partecipare alla discussione!<\/div>\n<\/div>\n<\/div>\n<\/div>\n\t\t\t\t\t\t\t\t<\/div>\n\t\t\t\t<\/div>\n\t\t\t\t<div class=\"elementor-element elementor-element-ad1e8ea elementor-widget elementor-widget-spacer\" data-id=\"ad1e8ea\" data-element_type=\"widget\" data-e-type=\"widget\" data-widget_type=\"spacer.default\">\n\t\t\t\t<div class=\"elementor-widget-container\">\n\t\t\t\t\t\t\t<div class=\"elementor-spacer\">\n\t\t\t<div class=\"elementor-spacer-inner\"><\/div>\n\t\t<\/div>\n\t\t\t\t\t\t<\/div>\n\t\t\t\t<\/div>\n\t\t\t\t\t<\/div>\n\t\t<\/div>\n\t\t\t\t\t<\/div>\n\t\t<\/section>\n\t\t\t\t<\/div>","protected":false},"excerpt":{"rendered":"<p>What are you doing during your lunch hour on World Food Day? Join a global discussion with celebrity chefs, indigenous peoples, youth climate activists, small farmer businesswomen, heads of state, and everyone in between, on how in the next 10 years we must transform our food systems. &nbsp; Nutritious and safe food allows for healthy [&#8230;]\n","protected":false},"author":3,"featured_media":14327,"comment_status":"closed","ping_status":"closed","sticky":false,"template":"elementor_theme","format":"standard","meta":{"footnotes":""},"categories":[561],"tags":[558,704],"class_list":["post-8198","post","type-post","status-publish","format-standard","has-post-thumbnail","hentry","category-event","tag-fao","tag-world-food-day"],"yoast_head":"<!-- This site is optimized with the Yoast SEO plugin v27.5 - https:\/\/yoast.com\/product\/yoast-seo-wordpress\/ -->\n<title>What are you doing during your lunch hour on World Food Day? - Future Food Institute<\/title>\n<meta name=\"robots\" content=\"index, follow, max-snippet:-1, max-image-preview:large, max-video-preview:-1\" \/>\n<link rel=\"canonical\" href=\"https:\/\/futurefoodinstitute.org\/it\/2020\/10\/13\/what-are-you-doing-during-your-lunch-hour-on-world-food-day\/\" \/>\n<meta property=\"og:locale\" content=\"it_IT\" \/>\n<meta property=\"og:type\" content=\"article\" \/>\n<meta property=\"og:title\" content=\"What are you doing during your lunch hour on World Food Day? - Future Food Institute\" \/>\n<meta property=\"og:description\" content=\"What are you doing during your lunch hour on World Food Day? Join a global discussion with celebrity chefs, indigenous peoples, youth climate activists, small farmer businesswomen, heads of state, and everyone in between, on how in the next 10 years we must transform our food systems. &nbsp; Nutritious and safe food allows for healthy [...]\" \/>\n<meta property=\"og:url\" content=\"https:\/\/futurefoodinstitute.org\/it\/2020\/10\/13\/what-are-you-doing-during-your-lunch-hour-on-world-food-day\/\" \/>\n<meta property=\"og:site_name\" content=\"Future Food Institute\" \/>\n<meta property=\"article:publisher\" content=\"https:\/\/www.facebook.com\/futurefoodinstitute\" \/>\n<meta property=\"article:published_time\" content=\"2020-10-13T07:28:20+00:00\" \/>\n<meta property=\"article:modified_time\" content=\"2022-04-18T07:36:41+00:00\" \/>\n<meta property=\"og:image\" content=\"https:\/\/futurefoodinstitute.org\/wp-content\/uploads\/2020\/10\/Voices-of-food-systems.jpeg\" \/>\n\t<meta property=\"og:image:width\" content=\"1200\" \/>\n\t<meta property=\"og:image:height\" content=\"630\" \/>\n\t<meta property=\"og:image:type\" content=\"image\/jpeg\" \/>\n<meta name=\"author\" content=\"Easter_FFI\" \/>\n<meta name=\"twitter:card\" content=\"summary_large_image\" \/>\n<meta name=\"twitter:creator\" content=\"@Ffoodinstitute\" \/>\n<meta name=\"twitter:site\" content=\"@Ffoodinstitute\" \/>\n<meta name=\"twitter:label1\" content=\"Scritto da\" \/>\n\t<meta name=\"twitter:data1\" content=\"Easter_FFI\" \/>\n\t<meta name=\"twitter:label2\" content=\"Tempo di lettura stimato\" \/>\n\t<meta name=\"twitter:data2\" content=\"4 minuti\" \/>\n<script type=\"application\/ld+json\" class=\"yoast-schema-graph\">{\"@context\":\"https:\\\/\\\/schema.org\",\"@graph\":[{\"@type\":\"Article\",\"@id\":\"https:\\\/\\\/futurefoodinstitute.org\\\/2020\\\/10\\\/13\\\/what-are-you-doing-during-your-lunch-hour-on-world-food-day\\\/#article\",\"isPartOf\":{\"@id\":\"https:\\\/\\\/futurefoodinstitute.org\\\/2020\\\/10\\\/13\\\/what-are-you-doing-during-your-lunch-hour-on-world-food-day\\\/\"},\"author\":{\"name\":\"Easter_FFI\",\"@id\":\"https:\\\/\\\/futurefoodinstitute.org\\\/#\\\/schema\\\/person\\\/28f39aca9ceae480d9d21a98fa2496e9\"},\"headline\":\"What are you doing during your lunch hour on World Food Day?\",\"datePublished\":\"2020-10-13T07:28:20+00:00\",\"dateModified\":\"2022-04-18T07:36:41+00:00\",\"mainEntityOfPage\":{\"@id\":\"https:\\\/\\\/futurefoodinstitute.org\\\/2020\\\/10\\\/13\\\/what-are-you-doing-during-your-lunch-hour-on-world-food-day\\\/\"},\"wordCount\":651,\"publisher\":{\"@id\":\"https:\\\/\\\/futurefoodinstitute.org\\\/#organization\"},\"image\":{\"@id\":\"https:\\\/\\\/futurefoodinstitute.org\\\/2020\\\/10\\\/13\\\/what-are-you-doing-during-your-lunch-hour-on-world-food-day\\\/#primaryimage\"},\"thumbnailUrl\":\"https:\\\/\\\/futurefoodinstitute.org\\\/wp-content\\\/uploads\\\/2020\\\/10\\\/Voices-of-food-systems.jpeg\",\"keywords\":[\"FAO\",\"World Food Day\"],\"articleSection\":[\"Event\"],\"inLanguage\":\"it-IT\"},{\"@type\":\"WebPage\",\"@id\":\"https:\\\/\\\/futurefoodinstitute.org\\\/2020\\\/10\\\/13\\\/what-are-you-doing-during-your-lunch-hour-on-world-food-day\\\/\",\"url\":\"https:\\\/\\\/futurefoodinstitute.org\\\/2020\\\/10\\\/13\\\/what-are-you-doing-during-your-lunch-hour-on-world-food-day\\\/\",\"name\":\"What are you doing during your lunch hour on World Food Day? - Future Food Institute\",\"isPartOf\":{\"@id\":\"https:\\\/\\\/futurefoodinstitute.org\\\/#website\"},\"primaryImageOfPage\":{\"@id\":\"https:\\\/\\\/futurefoodinstitute.org\\\/2020\\\/10\\\/13\\\/what-are-you-doing-during-your-lunch-hour-on-world-food-day\\\/#primaryimage\"},\"image\":{\"@id\":\"https:\\\/\\\/futurefoodinstitute.org\\\/2020\\\/10\\\/13\\\/what-are-you-doing-during-your-lunch-hour-on-world-food-day\\\/#primaryimage\"},\"thumbnailUrl\":\"https:\\\/\\\/futurefoodinstitute.org\\\/wp-content\\\/uploads\\\/2020\\\/10\\\/Voices-of-food-systems.jpeg\",\"datePublished\":\"2020-10-13T07:28:20+00:00\",\"dateModified\":\"2022-04-18T07:36:41+00:00\",\"breadcrumb\":{\"@id\":\"https:\\\/\\\/futurefoodinstitute.org\\\/2020\\\/10\\\/13\\\/what-are-you-doing-during-your-lunch-hour-on-world-food-day\\\/#breadcrumb\"},\"inLanguage\":\"it-IT\",\"potentialAction\":[{\"@type\":\"ReadAction\",\"target\":[\"https:\\\/\\\/futurefoodinstitute.org\\\/2020\\\/10\\\/13\\\/what-are-you-doing-during-your-lunch-hour-on-world-food-day\\\/\"]}]},{\"@type\":\"ImageObject\",\"inLanguage\":\"it-IT\",\"@id\":\"https:\\\/\\\/futurefoodinstitute.org\\\/2020\\\/10\\\/13\\\/what-are-you-doing-during-your-lunch-hour-on-world-food-day\\\/#primaryimage\",\"url\":\"https:\\\/\\\/futurefoodinstitute.org\\\/wp-content\\\/uploads\\\/2020\\\/10\\\/Voices-of-food-systems.jpeg\",\"contentUrl\":\"https:\\\/\\\/futurefoodinstitute.org\\\/wp-content\\\/uploads\\\/2020\\\/10\\\/Voices-of-food-systems.jpeg\",\"width\":1200,\"height\":630},{\"@type\":\"BreadcrumbList\",\"@id\":\"https:\\\/\\\/futurefoodinstitute.org\\\/2020\\\/10\\\/13\\\/what-are-you-doing-during-your-lunch-hour-on-world-food-day\\\/#breadcrumb\",\"itemListElement\":[{\"@type\":\"ListItem\",\"position\":1,\"name\":\"Home\",\"item\":\"https:\\\/\\\/futurefoodinstitute.org\\\/\"},{\"@type\":\"ListItem\",\"position\":2,\"name\":\"What are you doing during your lunch hour on World Food Day?\"}]},{\"@type\":\"WebSite\",\"@id\":\"https:\\\/\\\/futurefoodinstitute.org\\\/#website\",\"url\":\"https:\\\/\\\/futurefoodinstitute.org\\\/\",\"name\":\"Future Food Institute\",\"description\":\"Climate change is at the end of your fork.\",\"publisher\":{\"@id\":\"https:\\\/\\\/futurefoodinstitute.org\\\/#organization\"},\"potentialAction\":[{\"@type\":\"SearchAction\",\"target\":{\"@type\":\"EntryPoint\",\"urlTemplate\":\"https:\\\/\\\/futurefoodinstitute.org\\\/?s={search_term_string}\"},\"query-input\":{\"@type\":\"PropertyValueSpecification\",\"valueRequired\":true,\"valueName\":\"search_term_string\"}}],\"inLanguage\":\"it-IT\"},{\"@type\":\"Organization\",\"@id\":\"https:\\\/\\\/futurefoodinstitute.org\\\/#organization\",\"name\":\"Future Food Institute\",\"url\":\"https:\\\/\\\/futurefoodinstitute.org\\\/\",\"logo\":{\"@type\":\"ImageObject\",\"inLanguage\":\"it-IT\",\"@id\":\"https:\\\/\\\/futurefoodinstitute.org\\\/#\\\/schema\\\/logo\\\/image\\\/\",\"url\":\"https:\\\/\\\/futurefoodinstitute.org\\\/wp-content\\\/uploads\\\/2021\\\/11\\\/FF-Primary-Logos-05.png\",\"contentUrl\":\"https:\\\/\\\/futurefoodinstitute.org\\\/wp-content\\\/uploads\\\/2021\\\/11\\\/FF-Primary-Logos-05.png\",\"width\":1574,\"height\":588,\"caption\":\"Future Food Institute\"},\"image\":{\"@id\":\"https:\\\/\\\/futurefoodinstitute.org\\\/#\\\/schema\\\/logo\\\/image\\\/\"},\"sameAs\":[\"https:\\\/\\\/www.facebook.com\\\/futurefoodinstitute\",\"https:\\\/\\\/x.com\\\/Ffoodinstitute\",\"https:\\\/\\\/www.instagram.com\\\/ffoodinstitute\",\"https:\\\/\\\/www.linkedin.com\\\/company\\\/futurefoodinstitute\",\"https:\\\/\\\/www.youtube.com\\\/c\\\/FutureFoodInstitute\"]},{\"@type\":\"Person\",\"@id\":\"https:\\\/\\\/futurefoodinstitute.org\\\/#\\\/schema\\\/person\\\/28f39aca9ceae480d9d21a98fa2496e9\",\"name\":\"Easter_FFI\",\"image\":{\"@type\":\"ImageObject\",\"inLanguage\":\"it-IT\",\"@id\":\"https:\\\/\\\/secure.gravatar.com\\\/avatar\\\/f394abde20c89219c63c9f8ffcc8dd2f8cca23175f67ad2016dd94aa0cc06428?s=96&d=mm&r=g\",\"url\":\"https:\\\/\\\/secure.gravatar.com\\\/avatar\\\/f394abde20c89219c63c9f8ffcc8dd2f8cca23175f67ad2016dd94aa0cc06428?s=96&d=mm&r=g\",\"contentUrl\":\"https:\\\/\\\/secure.gravatar.com\\\/avatar\\\/f394abde20c89219c63c9f8ffcc8dd2f8cca23175f67ad2016dd94aa0cc06428?s=96&d=mm&r=g\",\"caption\":\"Easter_FFI\"},\"url\":\"https:\\\/\\\/futurefoodinstitute.org\\\/it\\\/author\\\/easter_ffi\\\/\"}]}<\/script>\n<!-- \/ Yoast SEO plugin. -->","yoast_head_json":{"title":"What are you doing during your lunch hour on World Food Day? - Future Food Institute","robots":{"index":"index","follow":"follow","max-snippet":"max-snippet:-1","max-image-preview":"max-image-preview:large","max-video-preview":"max-video-preview:-1"},"canonical":"https:\/\/futurefoodinstitute.org\/it\/2020\/10\/13\/what-are-you-doing-during-your-lunch-hour-on-world-food-day\/","og_locale":"it_IT","og_type":"article","og_title":"What are you doing during your lunch hour on World Food Day? - Future Food Institute","og_description":"What are you doing during your lunch hour on World Food Day? Join a global discussion with celebrity chefs, indigenous peoples, youth climate activists, small farmer businesswomen, heads of state, and everyone in between, on how in the next 10 years we must transform our food systems. &nbsp; Nutritious and safe food allows for healthy [...]","og_url":"https:\/\/futurefoodinstitute.org\/it\/2020\/10\/13\/what-are-you-doing-during-your-lunch-hour-on-world-food-day\/","og_site_name":"Future Food Institute","article_publisher":"https:\/\/www.facebook.com\/futurefoodinstitute","article_published_time":"2020-10-13T07:28:20+00:00","article_modified_time":"2022-04-18T07:36:41+00:00","og_image":[{"width":1200,"height":630,"url":"https:\/\/futurefoodinstitute.org\/wp-content\/uploads\/2020\/10\/Voices-of-food-systems.jpeg","type":"image\/jpeg"}],"author":"Easter_FFI","twitter_card":"summary_large_image","twitter_creator":"@Ffoodinstitute","twitter_site":"@Ffoodinstitute","twitter_misc":{"Scritto da":"Easter_FFI","Tempo di lettura stimato":"4 minuti"},"schema":{"@context":"https:\/\/schema.org","@graph":[{"@type":"Article","@id":"https:\/\/futurefoodinstitute.org\/2020\/10\/13\/what-are-you-doing-during-your-lunch-hour-on-world-food-day\/#article","isPartOf":{"@id":"https:\/\/futurefoodinstitute.org\/2020\/10\/13\/what-are-you-doing-during-your-lunch-hour-on-world-food-day\/"},"author":{"name":"Easter_FFI","@id":"https:\/\/futurefoodinstitute.org\/#\/schema\/person\/28f39aca9ceae480d9d21a98fa2496e9"},"headline":"What are you doing during your lunch hour on World Food Day?","datePublished":"2020-10-13T07:28:20+00:00","dateModified":"2022-04-18T07:36:41+00:00","mainEntityOfPage":{"@id":"https:\/\/futurefoodinstitute.org\/2020\/10\/13\/what-are-you-doing-during-your-lunch-hour-on-world-food-day\/"},"wordCount":651,"publisher":{"@id":"https:\/\/futurefoodinstitute.org\/#organization"},"image":{"@id":"https:\/\/futurefoodinstitute.org\/2020\/10\/13\/what-are-you-doing-during-your-lunch-hour-on-world-food-day\/#primaryimage"},"thumbnailUrl":"https:\/\/futurefoodinstitute.org\/wp-content\/uploads\/2020\/10\/Voices-of-food-systems.jpeg","keywords":["FAO","World Food Day"],"articleSection":["Event"],"inLanguage":"it-IT"},{"@type":"WebPage","@id":"https:\/\/futurefoodinstitute.org\/2020\/10\/13\/what-are-you-doing-during-your-lunch-hour-on-world-food-day\/","url":"https:\/\/futurefoodinstitute.org\/2020\/10\/13\/what-are-you-doing-during-your-lunch-hour-on-world-food-day\/","name":"What are you doing during your lunch hour on World Food Day? - Future Food Institute","isPartOf":{"@id":"https:\/\/futurefoodinstitute.org\/#website"},"primaryImageOfPage":{"@id":"https:\/\/futurefoodinstitute.org\/2020\/10\/13\/what-are-you-doing-during-your-lunch-hour-on-world-food-day\/#primaryimage"},"image":{"@id":"https:\/\/futurefoodinstitute.org\/2020\/10\/13\/what-are-you-doing-during-your-lunch-hour-on-world-food-day\/#primaryimage"},"thumbnailUrl":"https:\/\/futurefoodinstitute.org\/wp-content\/uploads\/2020\/10\/Voices-of-food-systems.jpeg","datePublished":"2020-10-13T07:28:20+00:00","dateModified":"2022-04-18T07:36:41+00:00","breadcrumb":{"@id":"https:\/\/futurefoodinstitute.org\/2020\/10\/13\/what-are-you-doing-during-your-lunch-hour-on-world-food-day\/#breadcrumb"},"inLanguage":"it-IT","potentialAction":[{"@type":"ReadAction","target":["https:\/\/futurefoodinstitute.org\/2020\/10\/13\/what-are-you-doing-during-your-lunch-hour-on-world-food-day\/"]}]},{"@type":"ImageObject","inLanguage":"it-IT","@id":"https:\/\/futurefoodinstitute.org\/2020\/10\/13\/what-are-you-doing-during-your-lunch-hour-on-world-food-day\/#primaryimage","url":"https:\/\/futurefoodinstitute.org\/wp-content\/uploads\/2020\/10\/Voices-of-food-systems.jpeg","contentUrl":"https:\/\/futurefoodinstitute.org\/wp-content\/uploads\/2020\/10\/Voices-of-food-systems.jpeg","width":1200,"height":630},{"@type":"BreadcrumbList","@id":"https:\/\/futurefoodinstitute.org\/2020\/10\/13\/what-are-you-doing-during-your-lunch-hour-on-world-food-day\/#breadcrumb","itemListElement":[{"@type":"ListItem","position":1,"name":"Home","item":"https:\/\/futurefoodinstitute.org\/"},{"@type":"ListItem","position":2,"name":"What are you doing during your lunch hour on World Food Day?"}]},{"@type":"WebSite","@id":"https:\/\/futurefoodinstitute.org\/#website","url":"https:\/\/futurefoodinstitute.org\/","name":"Future Food Institute","description":"Il cambiamento climatico \u00e8 alla fine della tua forchetta.","publisher":{"@id":"https:\/\/futurefoodinstitute.org\/#organization"},"potentialAction":[{"@type":"SearchAction","target":{"@type":"EntryPoint","urlTemplate":"https:\/\/futurefoodinstitute.org\/?s={search_term_string}"},"query-input":{"@type":"PropertyValueSpecification","valueRequired":true,"valueName":"search_term_string"}}],"inLanguage":"it-IT"},{"@type":"Organization","@id":"https:\/\/futurefoodinstitute.org\/#organization","name":"Future Food Institute","url":"https:\/\/futurefoodinstitute.org\/","logo":{"@type":"ImageObject","inLanguage":"it-IT","@id":"https:\/\/futurefoodinstitute.org\/#\/schema\/logo\/image\/","url":"https:\/\/futurefoodinstitute.org\/wp-content\/uploads\/2021\/11\/FF-Primary-Logos-05.png","contentUrl":"https:\/\/futurefoodinstitute.org\/wp-content\/uploads\/2021\/11\/FF-Primary-Logos-05.png","width":1574,"height":588,"caption":"Future Food Institute"},"image":{"@id":"https:\/\/futurefoodinstitute.org\/#\/schema\/logo\/image\/"},"sameAs":["https:\/\/www.facebook.com\/futurefoodinstitute","https:\/\/x.com\/Ffoodinstitute","https:\/\/www.instagram.com\/ffoodinstitute","https:\/\/www.linkedin.com\/company\/futurefoodinstitute","https:\/\/www.youtube.com\/c\/FutureFoodInstitute"]},{"@type":"Person","@id":"https:\/\/futurefoodinstitute.org\/#\/schema\/person\/28f39aca9ceae480d9d21a98fa2496e9","name":"Easter_FFI","image":{"@type":"ImageObject","inLanguage":"it-IT","@id":"https:\/\/secure.gravatar.com\/avatar\/f394abde20c89219c63c9f8ffcc8dd2f8cca23175f67ad2016dd94aa0cc06428?s=96&d=mm&r=g","url":"https:\/\/secure.gravatar.com\/avatar\/f394abde20c89219c63c9f8ffcc8dd2f8cca23175f67ad2016dd94aa0cc06428?s=96&d=mm&r=g","contentUrl":"https:\/\/secure.gravatar.com\/avatar\/f394abde20c89219c63c9f8ffcc8dd2f8cca23175f67ad2016dd94aa0cc06428?s=96&d=mm&r=g","caption":"Easter_FFI"},"url":"https:\/\/futurefoodinstitute.org\/it\/author\/easter_ffi\/"}]}},"_links":{"self":[{"href":"https:\/\/futurefoodinstitute.org\/it\/wp-json\/wp\/v2\/posts\/8198","targetHints":{"allow":["GET"]}}],"collection":[{"href":"https:\/\/futurefoodinstitute.org\/it\/wp-json\/wp\/v2\/posts"}],"about":[{"href":"https:\/\/futurefoodinstitute.org\/it\/wp-json\/wp\/v2\/types\/post"}],"author":[{"embeddable":true,"href":"https:\/\/futurefoodinstitute.org\/it\/wp-json\/wp\/v2\/users\/3"}],"replies":[{"embeddable":true,"href":"https:\/\/futurefoodinstitute.org\/it\/wp-json\/wp\/v2\/comments?post=8198"}],"version-history":[{"count":5,"href":"https:\/\/futurefoodinstitute.org\/it\/wp-json\/wp\/v2\/posts\/8198\/revisions"}],"predecessor-version":[{"id":14331,"href":"https:\/\/futurefoodinstitute.org\/it\/wp-json\/wp\/v2\/posts\/8198\/revisions\/14331"}],"wp:featuredmedia":[{"embeddable":true,"href":"https:\/\/futurefoodinstitute.org\/it\/wp-json\/wp\/v2\/media\/14327"}],"wp:attachment":[{"href":"https:\/\/futurefoodinstitute.org\/it\/wp-json\/wp\/v2\/media?parent=8198"}],"wp:term":[{"taxonomy":"category","embeddable":true,"href":"https:\/\/futurefoodinstitute.org\/it\/wp-json\/wp\/v2\/categories?post=8198"},{"taxonomy":"post_tag","embeddable":true,"href":"https:\/\/futurefoodinstitute.org\/it\/wp-json\/wp\/v2\/tags?post=8198"}],"curies":[{"name":"wp","href":"https:\/\/api.w.org\/{rel}","templated":true}]}}